{"id":31583,"date":"2017-12-19T10:33:10","date_gmt":"2017-12-19T09:33:10","guid":{"rendered":"http:\/\/www.patrickseguin.com\/en\/?p=4018"},"modified":"2025-09-24T15:50:46","modified_gmt":"2025-09-24T14:50:46","slug":"today-launch-new-edition-publication-jean-prouve","status":"publish","type":"post","link":"https:\/\/www.patrickseguin.com\/en\/news\/today-launch-new-edition-publication-jean-prouve\/","title":{"rendered":"Launch of the new \u00e9dition of our publication on Jean Prouv\u00e9"},"content":{"rendered":"<p><img fetchpriority=\"high\" decoding=\"async\" class=\"alignright size-full wp-image-4333\" src=\"https:\/\/www.patrickseguin.com\/wp-content\/uploads\/2017\/12\/jean-prouve-lancement-livre.jpg\" alt=\"\" width=\"800\" height=\"600\" srcset=\"https:\/\/www.patrickseguin.com\/wp-content\/uploads\/2017\/12\/jean-prouve-lancement-livre.jpg 800w, https:\/\/www.patrickseguin.com\/wp-content\/uploads\/2017\/12\/jean-prouve-lancement-livre-400x300.jpg 400w, https:\/\/www.patrickseguin.com\/wp-content\/uploads\/2017\/12\/jean-prouve-lancement-livre-600x450.jpg 600w, https:\/\/www.patrickseguin.com\/wp-content\/uploads\/2017\/12\/jean-prouve-lancement-livre-300x225.jpg 300w, https:\/\/www.patrickseguin.com\/wp-content\/uploads\/2017\/12\/jean-prouve-lancement-livre-768x576.jpg 768w\" sizes=\"(max-width: 800px) 100vw, 800px\" \/><\/p>\n<p><strong style=\"font-style: inherit;\">Galerie Patrick Seguin<\/strong> is pleased to celebrate its new publication entirely devoted to Jean Prouv\u00e9&#8217;s work with a book launch on <strong style=\"font-style: inherit;\">Tuesday, December 19th from 6 to 8 pm at the Trading Museum Comme des Gar\u00e7ons. <\/p>\n<p>54, rue du Faubourg Saint-Honor\u00e9 75008 Paris<\/strong><\/p>\n<p>Jean Prouv\u00e9 is recognized as one of the twentieth century\u2019s pioneers in innovative production of furniture and architecture.<\/p>\n<p>This new 764-page publication that is both didactic and thorough presents his body of work in detail,<br \/>\nfeaturing both his furniture and his architecture. The two volumes comprise texts, interviews and historical information illustrated with contemporary images, previously unseen plans and numerous archival photographs.<\/p>\n<p>The publication presents an overall view of the constructor and his avant-garde and humanist spirit.<\/p>\n","protected":false},"excerpt":{"rendered":"<p>Galerie Patrick Seguin is pleased to celebrate its new publication entirely devoted to Jean Prouv\u00e9&#8217;s work with a book launch on Tuesday, December 19th from 6 to 8 pm at the Trading Museum Comme des Gar\u00e7ons. 54, rue du Faubourg Saint-Honor\u00e9 75008 Paris Jean Prouv\u00e9 is recognized as one of the twentieth century\u2019s pioneers in [&hellip;]<\/p>\n","protected":false},"author":2,"featured_media":46590,"comment_status":"closed","ping_status":"closed","sticky":false,"template":"","format":"standard","meta":{"_acf_changed":false,"footnotes":""},"categories":[11],"tags":[],"class_list":["post-31583","post","type-post","status-publish","format-standard","has-post-thumbnail","hentry","category-news"],"acf":[],"yoast_head":"<!-- This site is optimized with the Yoast SEO plugin v27.4 - https:\/\/yoast.com\/product\/yoast-seo-wordpress\/ -->\n<title>Launch of the new \u00e9dition of our publication on Jean Prouv\u00e9 - Galerie Patrick Seguin<\/title>\n<meta name=\"robots\" content=\"index, follow, max-snippet:-1, max-image-preview:large, max-video-preview:-1\" \/>\n<link rel=\"canonical\" href=\"https:\/\/www.patrickseguin.com\/en\/news\/today-launch-new-edition-publication-jean-prouve\/\" \/>\n<meta property=\"og:locale\" content=\"en_US\" \/>\n<meta property=\"og:type\" content=\"article\" \/>\n<meta property=\"og:title\" content=\"Launch of the new \u00e9dition of our publication on Jean Prouv\u00e9 - Galerie Patrick Seguin\" \/>\n<meta property=\"og:description\" content=\"Galerie Patrick Seguin is pleased to celebrate its new publication entirely devoted to Jean Prouv\u00e9&#8217;s work with a book launch on Tuesday, December 19th from 6 to 8 pm at the Trading Museum Comme des Gar\u00e7ons. 54, rue du Faubourg Saint-Honor\u00e9 75008 Paris Jean Prouv\u00e9 is recognized as one of the twentieth century\u2019s pioneers in [&hellip;]\" \/>\n<meta property=\"og:url\" content=\"https:\/\/www.patrickseguin.com\/en\/news\/today-launch-new-edition-publication-jean-prouve\/\" \/>\n<meta property=\"og:site_name\" content=\"Patrick Seguin\" \/>\n<meta property=\"article:publisher\" content=\"https:\/\/www.facebook.com\/galeriepatrickseguin\" \/>\n<meta property=\"article:published_time\" content=\"2017-12-19T09:33:10+00:00\" \/>\n<meta property=\"article:modified_time\" content=\"2025-09-24T14:50:46+00:00\" \/>\n<meta property=\"og:image\" content=\"https:\/\/www.patrickseguin.com\/wp-content\/uploads\/2017\/12\/jean-prouve-lancement-livre-1.jpg\" \/>\n\t<meta property=\"og:image:width\" content=\"800\" \/>\n\t<meta property=\"og:image:height\" content=\"600\" \/>\n\t<meta property=\"og:image:type\" content=\"image\/jpeg\" \/>\n<meta name=\"author\" content=\"import\" \/>\n<meta name=\"twitter:card\" content=\"summary_large_image\" \/>\n<meta name=\"twitter:creator\" content=\"@GaleriePSeguin\" \/>\n<meta name=\"twitter:site\" content=\"@GaleriePSeguin\" \/>\n<meta name=\"twitter:label1\" content=\"Written by\" \/>\n\t<meta name=\"twitter:data1\" content=\"import\" \/>\n\t<meta name=\"twitter:label2\" content=\"Est. reading time\" \/>\n\t<meta name=\"twitter:data2\" content=\"1 minute\" \/>\n<script type=\"application\/ld+json\" class=\"yoast-schema-graph\">{\"@context\":\"https:\\\/\\\/schema.org\",\"@graph\":[{\"@type\":\"Article\",\"@id\":\"https:\\\/\\\/www.patrickseguin.com\\\/en\\\/news\\\/today-launch-new-edition-publication-jean-prouve\\\/#article\",\"isPartOf\":{\"@id\":\"https:\\\/\\\/www.patrickseguin.com\\\/en\\\/news\\\/today-launch-new-edition-publication-jean-prouve\\\/\"},\"author\":{\"name\":\"import\",\"@id\":\"https:\\\/\\\/www.patrickseguin.com\\\/en\\\/#\\\/schema\\\/person\\\/a148f3f3e1ceeab0e0b58ae1b8c30bde\"},\"headline\":\"Launch of the new \u00e9dition of our publication on Jean Prouv\u00e9\",\"datePublished\":\"2017-12-19T09:33:10+00:00\",\"dateModified\":\"2025-09-24T14:50:46+00:00\",\"mainEntityOfPage\":{\"@id\":\"https:\\\/\\\/www.patrickseguin.com\\\/en\\\/news\\\/today-launch-new-edition-publication-jean-prouve\\\/\"},\"wordCount\":130,\"publisher\":{\"@id\":\"https:\\\/\\\/www.patrickseguin.com\\\/en\\\/#organization\"},\"image\":{\"@id\":\"https:\\\/\\\/www.patrickseguin.com\\\/en\\\/news\\\/today-launch-new-edition-publication-jean-prouve\\\/#primaryimage\"},\"thumbnailUrl\":\"https:\\\/\\\/www.patrickseguin.com\\\/wp-content\\\/uploads\\\/2017\\\/12\\\/jean-prouve-lancement-livre-1.jpg\",\"articleSection\":[\"Timeline\"],\"inLanguage\":\"en-US\"},{\"@type\":\"WebPage\",\"@id\":\"https:\\\/\\\/www.patrickseguin.com\\\/en\\\/news\\\/today-launch-new-edition-publication-jean-prouve\\\/\",\"url\":\"https:\\\/\\\/www.patrickseguin.com\\\/en\\\/news\\\/today-launch-new-edition-publication-jean-prouve\\\/\",\"name\":\"Launch of the new \u00e9dition of our publication on Jean Prouv\u00e9 - Galerie Patrick Seguin\",\"isPartOf\":{\"@id\":\"https:\\\/\\\/www.patrickseguin.com\\\/en\\\/#website\"},\"primaryImageOfPage\":{\"@id\":\"https:\\\/\\\/www.patrickseguin.com\\\/en\\\/news\\\/today-launch-new-edition-publication-jean-prouve\\\/#primaryimage\"},\"image\":{\"@id\":\"https:\\\/\\\/www.patrickseguin.com\\\/en\\\/news\\\/today-launch-new-edition-publication-jean-prouve\\\/#primaryimage\"},\"thumbnailUrl\":\"https:\\\/\\\/www.patrickseguin.com\\\/wp-content\\\/uploads\\\/2017\\\/12\\\/jean-prouve-lancement-livre-1.jpg\",\"datePublished\":\"2017-12-19T09:33:10+00:00\",\"dateModified\":\"2025-09-24T14:50:46+00:00\",\"inLanguage\":\"en-US\",\"potentialAction\":[{\"@type\":\"ReadAction\",\"target\":[\"https:\\\/\\\/www.patrickseguin.com\\\/en\\\/news\\\/today-launch-new-edition-publication-jean-prouve\\\/\"]}]},{\"@type\":\"ImageObject\",\"inLanguage\":\"en-US\",\"@id\":\"https:\\\/\\\/www.patrickseguin.com\\\/en\\\/news\\\/today-launch-new-edition-publication-jean-prouve\\\/#primaryimage\",\"url\":\"https:\\\/\\\/www.patrickseguin.com\\\/wp-content\\\/uploads\\\/2017\\\/12\\\/jean-prouve-lancement-livre-1.jpg\",\"contentUrl\":\"https:\\\/\\\/www.patrickseguin.com\\\/wp-content\\\/uploads\\\/2017\\\/12\\\/jean-prouve-lancement-livre-1.jpg\",\"width\":800,\"height\":600},{\"@type\":\"WebSite\",\"@id\":\"https:\\\/\\\/www.patrickseguin.com\\\/en\\\/#website\",\"url\":\"https:\\\/\\\/www.patrickseguin.com\\\/en\\\/\",\"name\":\"Galerie Patrick Seguin\",\"description\":\"\",\"publisher\":{\"@id\":\"https:\\\/\\\/www.patrickseguin.com\\\/en\\\/#organization\"},\"potentialAction\":[{\"@type\":\"SearchAction\",\"target\":{\"@type\":\"EntryPoint\",\"urlTemplate\":\"https:\\\/\\\/www.patrickseguin.com\\\/en\\\/?s={search_term_string}\"},\"query-input\":{\"@type\":\"PropertyValueSpecification\",\"valueRequired\":true,\"valueName\":\"search_term_string\"}}],\"inLanguage\":\"en-US\"},{\"@type\":\"Organization\",\"@id\":\"https:\\\/\\\/www.patrickseguin.com\\\/en\\\/#organization\",\"name\":\"Galerie Patrick Seguin\",\"url\":\"https:\\\/\\\/www.patrickseguin.com\\\/en\\\/\",\"logo\":{\"@type\":\"ImageObject\",\"inLanguage\":\"en-US\",\"@id\":\"https:\\\/\\\/www.patrickseguin.com\\\/en\\\/#\\\/schema\\\/logo\\\/image\\\/\",\"url\":\"https:\\\/\\\/www.patrickseguin.com\\\/wp-content\\\/uploads\\\/2020\\\/06\\\/ELEMENTSPOURMAX-25.png\",\"contentUrl\":\"https:\\\/\\\/www.patrickseguin.com\\\/wp-content\\\/uploads\\\/2020\\\/06\\\/ELEMENTSPOURMAX-25.png\",\"width\":2226,\"height\":122,\"caption\":\"Galerie Patrick Seguin\"},\"image\":{\"@id\":\"https:\\\/\\\/www.patrickseguin.com\\\/en\\\/#\\\/schema\\\/logo\\\/image\\\/\"},\"sameAs\":[\"https:\\\/\\\/www.facebook.com\\\/galeriepatrickseguin\",\"https:\\\/\\\/x.com\\\/GaleriePSeguin\"]},{\"@type\":\"Person\",\"@id\":\"https:\\\/\\\/www.patrickseguin.com\\\/en\\\/#\\\/schema\\\/person\\\/a148f3f3e1ceeab0e0b58ae1b8c30bde\",\"name\":\"import\"}]}<\/script>\n<!-- \/ Yoast SEO plugin. -->","yoast_head_json":{"title":"Launch of the new \u00e9dition of our publication on Jean Prouv\u00e9 - Galerie Patrick Seguin","robots":{"index":"index","follow":"follow","max-snippet":"max-snippet:-1","max-image-preview":"max-image-preview:large","max-video-preview":"max-video-preview:-1"},"canonical":"https:\/\/www.patrickseguin.com\/en\/news\/today-launch-new-edition-publication-jean-prouve\/","og_locale":"en_US","og_type":"article","og_title":"Launch of the new \u00e9dition of our publication on Jean Prouv\u00e9 - Galerie Patrick Seguin","og_description":"Galerie Patrick Seguin is pleased to celebrate its new publication entirely devoted to Jean Prouv\u00e9&#8217;s work with a book launch on Tuesday, December 19th from 6 to 8 pm at the Trading Museum Comme des Gar\u00e7ons. 54, rue du Faubourg Saint-Honor\u00e9 75008 Paris Jean Prouv\u00e9 is recognized as one of the twentieth century\u2019s pioneers in [&hellip;]","og_url":"https:\/\/www.patrickseguin.com\/en\/news\/today-launch-new-edition-publication-jean-prouve\/","og_site_name":"Patrick Seguin","article_publisher":"https:\/\/www.facebook.com\/galeriepatrickseguin","article_published_time":"2017-12-19T09:33:10+00:00","article_modified_time":"2025-09-24T14:50:46+00:00","og_image":[{"width":800,"height":600,"url":"https:\/\/www.patrickseguin.com\/wp-content\/uploads\/2017\/12\/jean-prouve-lancement-livre-1.jpg","type":"image\/jpeg"}],"author":"import","twitter_card":"summary_large_image","twitter_creator":"@GaleriePSeguin","twitter_site":"@GaleriePSeguin","twitter_misc":{"Written by":"import","Est. reading time":"1 minute"},"schema":{"@context":"https:\/\/schema.org","@graph":[{"@type":"Article","@id":"https:\/\/www.patrickseguin.com\/en\/news\/today-launch-new-edition-publication-jean-prouve\/#article","isPartOf":{"@id":"https:\/\/www.patrickseguin.com\/en\/news\/today-launch-new-edition-publication-jean-prouve\/"},"author":{"name":"import","@id":"https:\/\/www.patrickseguin.com\/en\/#\/schema\/person\/a148f3f3e1ceeab0e0b58ae1b8c30bde"},"headline":"Launch of the new \u00e9dition of our publication on Jean Prouv\u00e9","datePublished":"2017-12-19T09:33:10+00:00","dateModified":"2025-09-24T14:50:46+00:00","mainEntityOfPage":{"@id":"https:\/\/www.patrickseguin.com\/en\/news\/today-launch-new-edition-publication-jean-prouve\/"},"wordCount":130,"publisher":{"@id":"https:\/\/www.patrickseguin.com\/en\/#organization"},"image":{"@id":"https:\/\/www.patrickseguin.com\/en\/news\/today-launch-new-edition-publication-jean-prouve\/#primaryimage"},"thumbnailUrl":"https:\/\/www.patrickseguin.com\/wp-content\/uploads\/2017\/12\/jean-prouve-lancement-livre-1.jpg","articleSection":["Timeline"],"inLanguage":"en-US"},{"@type":"WebPage","@id":"https:\/\/www.patrickseguin.com\/en\/news\/today-launch-new-edition-publication-jean-prouve\/","url":"https:\/\/www.patrickseguin.com\/en\/news\/today-launch-new-edition-publication-jean-prouve\/","name":"Launch of the new \u00e9dition of our publication on Jean Prouv\u00e9 - Galerie Patrick Seguin","isPartOf":{"@id":"https:\/\/www.patrickseguin.com\/en\/#website"},"primaryImageOfPage":{"@id":"https:\/\/www.patrickseguin.com\/en\/news\/today-launch-new-edition-publication-jean-prouve\/#primaryimage"},"image":{"@id":"https:\/\/www.patrickseguin.com\/en\/news\/today-launch-new-edition-publication-jean-prouve\/#primaryimage"},"thumbnailUrl":"https:\/\/www.patrickseguin.com\/wp-content\/uploads\/2017\/12\/jean-prouve-lancement-livre-1.jpg","datePublished":"2017-12-19T09:33:10+00:00","dateModified":"2025-09-24T14:50:46+00:00","inLanguage":"en-US","potentialAction":[{"@type":"ReadAction","target":["https:\/\/www.patrickseguin.com\/en\/news\/today-launch-new-edition-publication-jean-prouve\/"]}]},{"@type":"ImageObject","inLanguage":"en-US","@id":"https:\/\/www.patrickseguin.com\/en\/news\/today-launch-new-edition-publication-jean-prouve\/#primaryimage","url":"https:\/\/www.patrickseguin.com\/wp-content\/uploads\/2017\/12\/jean-prouve-lancement-livre-1.jpg","contentUrl":"https:\/\/www.patrickseguin.com\/wp-content\/uploads\/2017\/12\/jean-prouve-lancement-livre-1.jpg","width":800,"height":600},{"@type":"WebSite","@id":"https:\/\/www.patrickseguin.com\/en\/#website","url":"https:\/\/www.patrickseguin.com\/en\/","name":"Galerie Patrick Seguin","description":"","publisher":{"@id":"https:\/\/www.patrickseguin.com\/en\/#organization"},"potentialAction":[{"@type":"SearchAction","target":{"@type":"EntryPoint","urlTemplate":"https:\/\/www.patrickseguin.com\/en\/?s={search_term_string}"},"query-input":{"@type":"PropertyValueSpecification","valueRequired":true,"valueName":"search_term_string"}}],"inLanguage":"en-US"},{"@type":"Organization","@id":"https:\/\/www.patrickseguin.com\/en\/#organization","name":"Galerie Patrick Seguin","url":"https:\/\/www.patrickseguin.com\/en\/","logo":{"@type":"ImageObject","inLanguage":"en-US","@id":"https:\/\/www.patrickseguin.com\/en\/#\/schema\/logo\/image\/","url":"https:\/\/www.patrickseguin.com\/wp-content\/uploads\/2020\/06\/ELEMENTSPOURMAX-25.png","contentUrl":"https:\/\/www.patrickseguin.com\/wp-content\/uploads\/2020\/06\/ELEMENTSPOURMAX-25.png","width":2226,"height":122,"caption":"Galerie Patrick Seguin"},"image":{"@id":"https:\/\/www.patrickseguin.com\/en\/#\/schema\/logo\/image\/"},"sameAs":["https:\/\/www.facebook.com\/galeriepatrickseguin","https:\/\/x.com\/GaleriePSeguin"]},{"@type":"Person","@id":"https:\/\/www.patrickseguin.com\/en\/#\/schema\/person\/a148f3f3e1ceeab0e0b58ae1b8c30bde","name":"import"}]}},"_links":{"self":[{"href":"https:\/\/www.patrickseguin.com\/en\/wp-json\/wp\/v2\/posts\/31583","targetHints":{"allow":["GET"]}}],"collection":[{"href":"https:\/\/www.patrickseguin.com\/en\/wp-json\/wp\/v2\/posts"}],"about":[{"href":"https:\/\/www.patrickseguin.com\/en\/wp-json\/wp\/v2\/types\/post"}],"author":[{"embeddable":true,"href":"https:\/\/www.patrickseguin.com\/en\/wp-json\/wp\/v2\/users\/2"}],"replies":[{"embeddable":true,"href":"https:\/\/www.patrickseguin.com\/en\/wp-json\/wp\/v2\/comments?post=31583"}],"version-history":[{"count":1,"href":"https:\/\/www.patrickseguin.com\/en\/wp-json\/wp\/v2\/posts\/31583\/revisions"}],"predecessor-version":[{"id":46403,"href":"https:\/\/www.patrickseguin.com\/en\/wp-json\/wp\/v2\/posts\/31583\/revisions\/46403"}],"wp:featuredmedia":[{"embeddable":true,"href":"https:\/\/www.patrickseguin.com\/en\/wp-json\/wp\/v2\/media\/46590"}],"wp:attachment":[{"href":"https:\/\/www.patrickseguin.com\/en\/wp-json\/wp\/v2\/media?parent=31583"}],"wp:term":[{"taxonomy":"category","embeddable":true,"href":"https:\/\/www.patrickseguin.com\/en\/wp-json\/wp\/v2\/categories?post=31583"},{"taxonomy":"post_tag","embeddable":true,"href":"https:\/\/www.patrickseguin.com\/en\/wp-json\/wp\/v2\/tags?post=31583"}],"curies":[{"name":"wp","href":"https:\/\/api.w.org\/{rel}","templated":true}]}}