{"id":31599,"date":"2018-11-23T14:55:22","date_gmt":"2018-11-23T13:55:22","guid":{"rendered":"http:\/\/www.patrickseguin.com\/en\/?p=4699"},"modified":"2025-09-24T15:31:47","modified_gmt":"2025-09-24T14:31:47","slug":"exhibition-jean-prouve-lame-du-metal-chateau-la-coste","status":"publish","type":"post","link":"https:\/\/www.patrickseguin.com\/en\/news\/exhibition-jean-prouve-lame-du-metal-chateau-la-coste\/","title":{"rendered":"EXHIBITION: JEAN PROUV\u00c9, L&#8217;\u00c2ME DU M\u00c9TAL &#8211; CH\u00c2TEAU LA COSTE"},"content":{"rendered":"<p><a href=\"https:\/\/www.patrickseguin.com\/wp-content\/uploads\/2018\/11\/jean-prouve-CLC.jpg\"><img fetchpriority=\"high\" decoding=\"async\" class=\"alignnone size-full wp-image-5077\" src=\"https:\/\/www.patrickseguin.com\/wp-content\/uploads\/2018\/11\/jean-prouve-CLC.jpg\" alt=\"\" width=\"800\" height=\"600\" srcset=\"https:\/\/www.patrickseguin.com\/wp-content\/uploads\/2018\/11\/jean-prouve-CLC.jpg 800w, https:\/\/www.patrickseguin.com\/wp-content\/uploads\/2018\/11\/jean-prouve-CLC-400x300.jpg 400w, https:\/\/www.patrickseguin.com\/wp-content\/uploads\/2018\/11\/jean-prouve-CLC-600x450.jpg 600w, https:\/\/www.patrickseguin.com\/wp-content\/uploads\/2018\/11\/jean-prouve-CLC-300x225.jpg 300w, https:\/\/www.patrickseguin.com\/wp-content\/uploads\/2018\/11\/jean-prouve-CLC-768x576.jpg 768w\" sizes=\"(max-width: 800px) 100vw, 800px\" \/><\/a><\/p>\n<p>From November 25th, 2018 to March 5th, 2019, Ch\u00e2teau La Coste will be presenting the exhibition Jean Prouv\u00e9, l\u2019\u00e2me du m\u00e9tal, featuring furniture and architectural elements by Jean Prouv\u00e9 from Laurence and Patrick Seguin\u2019s private collection.<\/p>\n<p>Since the opening of their gallery in 1989, Laurence and Patrick Seguin have carried out promotional work aimed at rediscovering the oeuvre of Jean Prouv\u00e9 (1901-1984), firstly through his furniture designs, then later through exhibiting particular examples of his architecture such as the prefabricated houses (6&#215;6 and 6&#215;9 Demountable houses, Ferembal house, M\u00e9tropole house, Les Jours Meilleurs house, Bouqueval School, Villejuif Temporary School). During these thirty years, a large number of exhibitions in international galleries, museums and institutions together with the regular publication of books by the gallery have allowed Galerie Patrick Seguin to reveal the exceptional nature of Jean Prouv\u00e9\u2019s creations. Recognized today as one of the central figures in the history of 20th century architecture and design, his work is included in many of the largest museums of the world and the most prestigious private collections.<\/p>\n<p>Parallel to this work, Laurence and Patrick Seguin have built a unique collection of furniture and architecture by Jean Prouv\u00e9. Sixty of these pieces will be presented at Ch\u00e2teau La Coste in the exhibition pavilion designed by Renzo Piano. Furniture and architectural elements from the collection are for the most part prototypes, unique pieces, or extremely rare, notably : a Centrale table, Antony (1954), a table from Africa (1952), a Granipoli table (1939), a Pr\u00e9sidence desk (1955), a lighted ramp from Le Mans (1954) and a swing-jib lamp from<br \/>\nAfrica (1952), as well as various types of facades such as a porthole panel from the Casino de Royan (1951), a panel from the F\u00e9d\u00e9ration du B\u00e2timent (1949), and a sliding door from the Pavillon du Centenaire de l\u2019Aluminum (1954). Laurence and Patrick Seguin will also lend a mobile by Alexander Calder and a gouache by Fernand L\u00e9ger, both pieces offered by the respective artists to their friend, Jean Prouv\u00e9. A Richard Prince piece created from a Jean Prouv\u00e9 original Antony Table will also be displayed.<\/p>\n<p>There are numerous chairs in the exhibition (the different versions of the Standard chair from 1934 to 1953, the Antony chair (1955), the Cit\u00e9 chair (1932), the Visiteur Colonial armchair (1952), &#8230;), which sum up perfectly Jean Prouv\u00e9\u2019s understanding and innovation in construction. The chair is certainly the element of furniture that presents the most constraints for its designer. It must meet both the imperatives of strength and ergonomics while preserving its aesthetic qualities, which are made possible by an imperceptible technical<br \/>\nexecution that serves the strength of its materials. This principal applies to the ensemble of Jean Prouv\u00e9\u2019s creations and is equally as relevant to his work in architecture.<\/p>\n<p><a href=\"https:\/\/chateau-la-coste.com\/en\/exhibitions\/\" rel=\"noopener\" target=\"_blank\">www.chateau-la-coste.com<\/a><\/p>\n","protected":false},"excerpt":{"rendered":"<p>From November 25th, 2018 to March 5th, 2019, Ch\u00e2teau La Coste will be presenting the exhibition Jean Prouv\u00e9, l\u2019\u00e2me du m\u00e9tal, featuring furniture and architectural elements by Jean Prouv\u00e9 from Laurence and Patrick Seguin\u2019s private collection. Since the opening of their gallery in 1989, Laurence and Patrick Seguin have carried out promotional work aimed at [&hellip;]<\/p>\n","protected":false},"author":2,"featured_media":46564,"comment_status":"closed","ping_status":"closed","sticky":false,"template":"","format":"standard","meta":{"_acf_changed":false,"footnotes":""},"categories":[11],"tags":[],"class_list":["post-31599","post","type-post","status-publish","format-standard","has-post-thumbnail","hentry","category-news"],"acf":[],"yoast_head":"<!-- This site is optimized with the Yoast SEO plugin v27.5 - https:\/\/yoast.com\/product\/yoast-seo-wordpress\/ -->\n<title>EXHIBITION: JEAN PROUV\u00c9, L&#039;\u00c2ME DU M\u00c9TAL - CH\u00c2TEAU LA COSTE - Galerie Patrick Seguin<\/title>\n<meta name=\"description\" content=\"From November 25th, 2018 to March 5th, 2019, Ch\u00e2teau La Coste will be presenting the exhibition Jean Prouv\u00e9, l\u2019\u00e2me du m\u00e9tal, featuring furniture and architectural elements by Jean Prouv\u00e9 from Laurence and Patrick Seguin\u2019s private collection.\" \/>\n<meta name=\"robots\" content=\"index, follow, max-snippet:-1, max-image-preview:large, max-video-preview:-1\" \/>\n<link rel=\"canonical\" href=\"https:\/\/www.patrickseguin.com\/en\/news\/exhibition-jean-prouve-lame-du-metal-chateau-la-coste\/\" \/>\n<meta property=\"og:locale\" content=\"en_US\" \/>\n<meta property=\"og:type\" content=\"article\" \/>\n<meta property=\"og:title\" content=\"EXHIBITION: JEAN PROUV\u00c9, L&#039;\u00c2ME DU M\u00c9TAL - CH\u00c2TEAU LA COSTE - Galerie Patrick Seguin\" \/>\n<meta property=\"og:description\" content=\"From November 25th, 2018 to March 5th, 2019, Ch\u00e2teau La Coste will be presenting the exhibition Jean Prouv\u00e9, l\u2019\u00e2me du m\u00e9tal, featuring furniture and architectural elements by Jean Prouv\u00e9 from Laurence and Patrick Seguin\u2019s private collection.\" \/>\n<meta property=\"og:url\" content=\"https:\/\/www.patrickseguin.com\/en\/news\/exhibition-jean-prouve-lame-du-metal-chateau-la-coste\/\" \/>\n<meta property=\"og:site_name\" content=\"Patrick Seguin\" \/>\n<meta property=\"article:publisher\" content=\"https:\/\/www.facebook.com\/galeriepatrickseguin\" \/>\n<meta property=\"article:published_time\" content=\"2018-11-23T13:55:22+00:00\" \/>\n<meta property=\"article:modified_time\" content=\"2025-09-24T14:31:47+00:00\" \/>\n<meta property=\"og:image\" content=\"https:\/\/www.patrickseguin.com\/wp-content\/uploads\/2018\/11\/jean-prouve-CLC-2.jpg\" \/>\n\t<meta property=\"og:image:width\" content=\"800\" \/>\n\t<meta property=\"og:image:height\" content=\"600\" \/>\n\t<meta property=\"og:image:type\" content=\"image\/jpeg\" \/>\n<meta name=\"author\" content=\"import\" \/>\n<meta name=\"twitter:card\" content=\"summary_large_image\" \/>\n<meta name=\"twitter:creator\" content=\"@GaleriePSeguin\" \/>\n<meta name=\"twitter:site\" content=\"@GaleriePSeguin\" \/>\n<meta name=\"twitter:label1\" content=\"Written by\" \/>\n\t<meta name=\"twitter:data1\" content=\"import\" \/>\n\t<meta name=\"twitter:label2\" content=\"Est. reading time\" \/>\n\t<meta name=\"twitter:data2\" content=\"3 minutes\" \/>\n<script type=\"application\/ld+json\" class=\"yoast-schema-graph\">{\"@context\":\"https:\\\/\\\/schema.org\",\"@graph\":[{\"@type\":\"Article\",\"@id\":\"https:\\\/\\\/www.patrickseguin.com\\\/en\\\/news\\\/exhibition-jean-prouve-lame-du-metal-chateau-la-coste\\\/#article\",\"isPartOf\":{\"@id\":\"https:\\\/\\\/www.patrickseguin.com\\\/en\\\/news\\\/exhibition-jean-prouve-lame-du-metal-chateau-la-coste\\\/\"},\"author\":{\"name\":\"import\",\"@id\":\"https:\\\/\\\/www.patrickseguin.com\\\/en\\\/#\\\/schema\\\/person\\\/a148f3f3e1ceeab0e0b58ae1b8c30bde\"},\"headline\":\"EXHIBITION: JEAN PROUV\u00c9, L&#8217;\u00c2ME DU M\u00c9TAL &#8211; CH\u00c2TEAU LA COSTE\",\"datePublished\":\"2018-11-23T13:55:22+00:00\",\"dateModified\":\"2025-09-24T14:31:47+00:00\",\"mainEntityOfPage\":{\"@id\":\"https:\\\/\\\/www.patrickseguin.com\\\/en\\\/news\\\/exhibition-jean-prouve-lame-du-metal-chateau-la-coste\\\/\"},\"wordCount\":471,\"publisher\":{\"@id\":\"https:\\\/\\\/www.patrickseguin.com\\\/en\\\/#organization\"},\"image\":{\"@id\":\"https:\\\/\\\/www.patrickseguin.com\\\/en\\\/news\\\/exhibition-jean-prouve-lame-du-metal-chateau-la-coste\\\/#primaryimage\"},\"thumbnailUrl\":\"https:\\\/\\\/www.patrickseguin.com\\\/wp-content\\\/uploads\\\/2018\\\/11\\\/jean-prouve-CLC-2.jpg\",\"articleSection\":[\"Timeline\"],\"inLanguage\":\"en-US\"},{\"@type\":\"WebPage\",\"@id\":\"https:\\\/\\\/www.patrickseguin.com\\\/en\\\/news\\\/exhibition-jean-prouve-lame-du-metal-chateau-la-coste\\\/\",\"url\":\"https:\\\/\\\/www.patrickseguin.com\\\/en\\\/news\\\/exhibition-jean-prouve-lame-du-metal-chateau-la-coste\\\/\",\"name\":\"EXHIBITION: JEAN PROUV\u00c9, L'\u00c2ME DU M\u00c9TAL - CH\u00c2TEAU LA COSTE - Galerie Patrick Seguin\",\"isPartOf\":{\"@id\":\"https:\\\/\\\/www.patrickseguin.com\\\/en\\\/#website\"},\"primaryImageOfPage\":{\"@id\":\"https:\\\/\\\/www.patrickseguin.com\\\/en\\\/news\\\/exhibition-jean-prouve-lame-du-metal-chateau-la-coste\\\/#primaryimage\"},\"image\":{\"@id\":\"https:\\\/\\\/www.patrickseguin.com\\\/en\\\/news\\\/exhibition-jean-prouve-lame-du-metal-chateau-la-coste\\\/#primaryimage\"},\"thumbnailUrl\":\"https:\\\/\\\/www.patrickseguin.com\\\/wp-content\\\/uploads\\\/2018\\\/11\\\/jean-prouve-CLC-2.jpg\",\"datePublished\":\"2018-11-23T13:55:22+00:00\",\"dateModified\":\"2025-09-24T14:31:47+00:00\",\"description\":\"From November 25th, 2018 to March 5th, 2019, Ch\u00e2teau La Coste will be presenting the exhibition Jean Prouv\u00e9, l\u2019\u00e2me du m\u00e9tal, featuring furniture and architectural elements by Jean Prouv\u00e9 from Laurence and Patrick Seguin\u2019s private collection.\",\"inLanguage\":\"en-US\",\"potentialAction\":[{\"@type\":\"ReadAction\",\"target\":[\"https:\\\/\\\/www.patrickseguin.com\\\/en\\\/news\\\/exhibition-jean-prouve-lame-du-metal-chateau-la-coste\\\/\"]}]},{\"@type\":\"ImageObject\",\"inLanguage\":\"en-US\",\"@id\":\"https:\\\/\\\/www.patrickseguin.com\\\/en\\\/news\\\/exhibition-jean-prouve-lame-du-metal-chateau-la-coste\\\/#primaryimage\",\"url\":\"https:\\\/\\\/www.patrickseguin.com\\\/wp-content\\\/uploads\\\/2018\\\/11\\\/jean-prouve-CLC-2.jpg\",\"contentUrl\":\"https:\\\/\\\/www.patrickseguin.com\\\/wp-content\\\/uploads\\\/2018\\\/11\\\/jean-prouve-CLC-2.jpg\",\"width\":800,\"height\":600},{\"@type\":\"WebSite\",\"@id\":\"https:\\\/\\\/www.patrickseguin.com\\\/en\\\/#website\",\"url\":\"https:\\\/\\\/www.patrickseguin.com\\\/en\\\/\",\"name\":\"Galerie Patrick Seguin\",\"description\":\"\",\"publisher\":{\"@id\":\"https:\\\/\\\/www.patrickseguin.com\\\/en\\\/#organization\"},\"potentialAction\":[{\"@type\":\"SearchAction\",\"target\":{\"@type\":\"EntryPoint\",\"urlTemplate\":\"https:\\\/\\\/www.patrickseguin.com\\\/en\\\/?s={search_term_string}\"},\"query-input\":{\"@type\":\"PropertyValueSpecification\",\"valueRequired\":true,\"valueName\":\"search_term_string\"}}],\"inLanguage\":\"en-US\"},{\"@type\":\"Organization\",\"@id\":\"https:\\\/\\\/www.patrickseguin.com\\\/en\\\/#organization\",\"name\":\"Galerie Patrick Seguin\",\"url\":\"https:\\\/\\\/www.patrickseguin.com\\\/en\\\/\",\"logo\":{\"@type\":\"ImageObject\",\"inLanguage\":\"en-US\",\"@id\":\"https:\\\/\\\/www.patrickseguin.com\\\/en\\\/#\\\/schema\\\/logo\\\/image\\\/\",\"url\":\"https:\\\/\\\/www.patrickseguin.com\\\/wp-content\\\/uploads\\\/2020\\\/06\\\/ELEMENTSPOURMAX-25.png\",\"contentUrl\":\"https:\\\/\\\/www.patrickseguin.com\\\/wp-content\\\/uploads\\\/2020\\\/06\\\/ELEMENTSPOURMAX-25.png\",\"width\":2226,\"height\":122,\"caption\":\"Galerie Patrick Seguin\"},\"image\":{\"@id\":\"https:\\\/\\\/www.patrickseguin.com\\\/en\\\/#\\\/schema\\\/logo\\\/image\\\/\"},\"sameAs\":[\"https:\\\/\\\/www.facebook.com\\\/galeriepatrickseguin\",\"https:\\\/\\\/x.com\\\/GaleriePSeguin\"]},{\"@type\":\"Person\",\"@id\":\"https:\\\/\\\/www.patrickseguin.com\\\/en\\\/#\\\/schema\\\/person\\\/a148f3f3e1ceeab0e0b58ae1b8c30bde\",\"name\":\"import\"}]}<\/script>\n<!-- \/ Yoast SEO plugin. -->","yoast_head_json":{"title":"EXHIBITION: JEAN PROUV\u00c9, L'\u00c2ME DU M\u00c9TAL - CH\u00c2TEAU LA COSTE - Galerie Patrick Seguin","description":"From November 25th, 2018 to March 5th, 2019, Ch\u00e2teau La Coste will be presenting the exhibition Jean Prouv\u00e9, l\u2019\u00e2me du m\u00e9tal, featuring furniture and architectural elements by Jean Prouv\u00e9 from Laurence and Patrick Seguin\u2019s private collection.","robots":{"index":"index","follow":"follow","max-snippet":"max-snippet:-1","max-image-preview":"max-image-preview:large","max-video-preview":"max-video-preview:-1"},"canonical":"https:\/\/www.patrickseguin.com\/en\/news\/exhibition-jean-prouve-lame-du-metal-chateau-la-coste\/","og_locale":"en_US","og_type":"article","og_title":"EXHIBITION: JEAN PROUV\u00c9, L'\u00c2ME DU M\u00c9TAL - CH\u00c2TEAU LA COSTE - Galerie Patrick Seguin","og_description":"From November 25th, 2018 to March 5th, 2019, Ch\u00e2teau La Coste will be presenting the exhibition Jean Prouv\u00e9, l\u2019\u00e2me du m\u00e9tal, featuring furniture and architectural elements by Jean Prouv\u00e9 from Laurence and Patrick Seguin\u2019s private collection.","og_url":"https:\/\/www.patrickseguin.com\/en\/news\/exhibition-jean-prouve-lame-du-metal-chateau-la-coste\/","og_site_name":"Patrick Seguin","article_publisher":"https:\/\/www.facebook.com\/galeriepatrickseguin","article_published_time":"2018-11-23T13:55:22+00:00","article_modified_time":"2025-09-24T14:31:47+00:00","og_image":[{"width":800,"height":600,"url":"https:\/\/www.patrickseguin.com\/wp-content\/uploads\/2018\/11\/jean-prouve-CLC-2.jpg","type":"image\/jpeg"}],"author":"import","twitter_card":"summary_large_image","twitter_creator":"@GaleriePSeguin","twitter_site":"@GaleriePSeguin","twitter_misc":{"Written by":"import","Est. reading time":"3 minutes"},"schema":{"@context":"https:\/\/schema.org","@graph":[{"@type":"Article","@id":"https:\/\/www.patrickseguin.com\/en\/news\/exhibition-jean-prouve-lame-du-metal-chateau-la-coste\/#article","isPartOf":{"@id":"https:\/\/www.patrickseguin.com\/en\/news\/exhibition-jean-prouve-lame-du-metal-chateau-la-coste\/"},"author":{"name":"import","@id":"https:\/\/www.patrickseguin.com\/en\/#\/schema\/person\/a148f3f3e1ceeab0e0b58ae1b8c30bde"},"headline":"EXHIBITION: JEAN PROUV\u00c9, L&#8217;\u00c2ME DU M\u00c9TAL &#8211; CH\u00c2TEAU LA COSTE","datePublished":"2018-11-23T13:55:22+00:00","dateModified":"2025-09-24T14:31:47+00:00","mainEntityOfPage":{"@id":"https:\/\/www.patrickseguin.com\/en\/news\/exhibition-jean-prouve-lame-du-metal-chateau-la-coste\/"},"wordCount":471,"publisher":{"@id":"https:\/\/www.patrickseguin.com\/en\/#organization"},"image":{"@id":"https:\/\/www.patrickseguin.com\/en\/news\/exhibition-jean-prouve-lame-du-metal-chateau-la-coste\/#primaryimage"},"thumbnailUrl":"https:\/\/www.patrickseguin.com\/wp-content\/uploads\/2018\/11\/jean-prouve-CLC-2.jpg","articleSection":["Timeline"],"inLanguage":"en-US"},{"@type":"WebPage","@id":"https:\/\/www.patrickseguin.com\/en\/news\/exhibition-jean-prouve-lame-du-metal-chateau-la-coste\/","url":"https:\/\/www.patrickseguin.com\/en\/news\/exhibition-jean-prouve-lame-du-metal-chateau-la-coste\/","name":"EXHIBITION: JEAN PROUV\u00c9, L'\u00c2ME DU M\u00c9TAL - CH\u00c2TEAU LA COSTE - Galerie Patrick Seguin","isPartOf":{"@id":"https:\/\/www.patrickseguin.com\/en\/#website"},"primaryImageOfPage":{"@id":"https:\/\/www.patrickseguin.com\/en\/news\/exhibition-jean-prouve-lame-du-metal-chateau-la-coste\/#primaryimage"},"image":{"@id":"https:\/\/www.patrickseguin.com\/en\/news\/exhibition-jean-prouve-lame-du-metal-chateau-la-coste\/#primaryimage"},"thumbnailUrl":"https:\/\/www.patrickseguin.com\/wp-content\/uploads\/2018\/11\/jean-prouve-CLC-2.jpg","datePublished":"2018-11-23T13:55:22+00:00","dateModified":"2025-09-24T14:31:47+00:00","description":"From November 25th, 2018 to March 5th, 2019, Ch\u00e2teau La Coste will be presenting the exhibition Jean Prouv\u00e9, l\u2019\u00e2me du m\u00e9tal, featuring furniture and architectural elements by Jean Prouv\u00e9 from Laurence and Patrick Seguin\u2019s private collection.","inLanguage":"en-US","potentialAction":[{"@type":"ReadAction","target":["https:\/\/www.patrickseguin.com\/en\/news\/exhibition-jean-prouve-lame-du-metal-chateau-la-coste\/"]}]},{"@type":"ImageObject","inLanguage":"en-US","@id":"https:\/\/www.patrickseguin.com\/en\/news\/exhibition-jean-prouve-lame-du-metal-chateau-la-coste\/#primaryimage","url":"https:\/\/www.patrickseguin.com\/wp-content\/uploads\/2018\/11\/jean-prouve-CLC-2.jpg","contentUrl":"https:\/\/www.patrickseguin.com\/wp-content\/uploads\/2018\/11\/jean-prouve-CLC-2.jpg","width":800,"height":600},{"@type":"WebSite","@id":"https:\/\/www.patrickseguin.com\/en\/#website","url":"https:\/\/www.patrickseguin.com\/en\/","name":"Galerie Patrick Seguin","description":"","publisher":{"@id":"https:\/\/www.patrickseguin.com\/en\/#organization"},"potentialAction":[{"@type":"SearchAction","target":{"@type":"EntryPoint","urlTemplate":"https:\/\/www.patrickseguin.com\/en\/?s={search_term_string}"},"query-input":{"@type":"PropertyValueSpecification","valueRequired":true,"valueName":"search_term_string"}}],"inLanguage":"en-US"},{"@type":"Organization","@id":"https:\/\/www.patrickseguin.com\/en\/#organization","name":"Galerie Patrick Seguin","url":"https:\/\/www.patrickseguin.com\/en\/","logo":{"@type":"ImageObject","inLanguage":"en-US","@id":"https:\/\/www.patrickseguin.com\/en\/#\/schema\/logo\/image\/","url":"https:\/\/www.patrickseguin.com\/wp-content\/uploads\/2020\/06\/ELEMENTSPOURMAX-25.png","contentUrl":"https:\/\/www.patrickseguin.com\/wp-content\/uploads\/2020\/06\/ELEMENTSPOURMAX-25.png","width":2226,"height":122,"caption":"Galerie Patrick Seguin"},"image":{"@id":"https:\/\/www.patrickseguin.com\/en\/#\/schema\/logo\/image\/"},"sameAs":["https:\/\/www.facebook.com\/galeriepatrickseguin","https:\/\/x.com\/GaleriePSeguin"]},{"@type":"Person","@id":"https:\/\/www.patrickseguin.com\/en\/#\/schema\/person\/a148f3f3e1ceeab0e0b58ae1b8c30bde","name":"import"}]}},"_links":{"self":[{"href":"https:\/\/www.patrickseguin.com\/en\/wp-json\/wp\/v2\/posts\/31599","targetHints":{"allow":["GET"]}}],"collection":[{"href":"https:\/\/www.patrickseguin.com\/en\/wp-json\/wp\/v2\/posts"}],"about":[{"href":"https:\/\/www.patrickseguin.com\/en\/wp-json\/wp\/v2\/types\/post"}],"author":[{"embeddable":true,"href":"https:\/\/www.patrickseguin.com\/en\/wp-json\/wp\/v2\/users\/2"}],"replies":[{"embeddable":true,"href":"https:\/\/www.patrickseguin.com\/en\/wp-json\/wp\/v2\/comments?post=31599"}],"version-history":[{"count":1,"href":"https:\/\/www.patrickseguin.com\/en\/wp-json\/wp\/v2\/posts\/31599\/revisions"}],"predecessor-version":[{"id":46383,"href":"https:\/\/www.patrickseguin.com\/en\/wp-json\/wp\/v2\/posts\/31599\/revisions\/46383"}],"wp:featuredmedia":[{"embeddable":true,"href":"https:\/\/www.patrickseguin.com\/en\/wp-json\/wp\/v2\/media\/46564"}],"wp:attachment":[{"href":"https:\/\/www.patrickseguin.com\/en\/wp-json\/wp\/v2\/media?parent=31599"}],"wp:term":[{"taxonomy":"category","embeddable":true,"href":"https:\/\/www.patrickseguin.com\/en\/wp-json\/wp\/v2\/categories?post=31599"},{"taxonomy":"post_tag","embeddable":true,"href":"https:\/\/www.patrickseguin.com\/en\/wp-json\/wp\/v2\/tags?post=31599"}],"curies":[{"name":"wp","href":"https:\/\/api.w.org\/{rel}","templated":true}]}}