{"id":43203,"date":"2025-03-06T16:13:53","date_gmt":"2025-03-06T15:13:53","guid":{"rendered":"https:\/\/www.patrickseguin.com\/news\/focus-on-jean-prouve-metropole-no-305-chair\/"},"modified":"2025-07-03T16:13:53","modified_gmt":"2025-07-03T15:13:53","slug":"focus-on-jean-prouve-metropole-no-305-chair","status":"publish","type":"post","link":"https:\/\/www.patrickseguin.com\/en\/news\/focus-on-jean-prouve-metropole-no-305-chair\/","title":{"rendered":"Focus on Jean Prouv\u00e9 M\u00e9tropole no. 305 chair"},"content":{"rendered":"<p>This M\u00e9tropole no. 305 chair, lacquered in a metallic green, was designed by <strong data-eusoft-scrollable-element=\"1\">JEAN PROUV\u00c9<\/strong> around 1950.<br \/>Featuring a rare and elegant color, fully original, this chair reveals a remarkable patina that enhances this iconic and timeless model.  <\/p>\n<p><img fetchpriority=\"high\" decoding=\"async\" class=\"alignnone size-full wp-image-43183\" src=\"https:\/\/www.patrickseguin.com\/wp-content\/uploads\/2025\/07\/metallic-green-chair1-scaled.jpg\" alt=\"\" width=\"1709\" height=\"2560\" srcset=\"https:\/\/www.patrickseguin.com\/wp-content\/uploads\/2025\/07\/metallic-green-chair1-scaled.jpg 1709w, https:\/\/www.patrickseguin.com\/wp-content\/uploads\/2025\/07\/metallic-green-chair1-316x473.jpg 316w, https:\/\/www.patrickseguin.com\/wp-content\/uploads\/2025\/07\/metallic-green-chair1-684x1024.jpg 684w, https:\/\/www.patrickseguin.com\/wp-content\/uploads\/2025\/07\/metallic-green-chair1-768x1150.jpg 768w, https:\/\/www.patrickseguin.com\/wp-content\/uploads\/2025\/07\/metallic-green-chair1-1025x1536.jpg 1025w, https:\/\/www.patrickseguin.com\/wp-content\/uploads\/2025\/07\/metallic-green-chair1-1367x2048.jpg 1367w, https:\/\/www.patrickseguin.com\/wp-content\/uploads\/2025\/07\/metallic-green-chair1-400x599.jpg 400w, https:\/\/www.patrickseguin.com\/wp-content\/uploads\/2025\/07\/metallic-green-chair1-600x899.jpg 600w\" sizes=\"(max-width: 1709px) 100vw, 1709px\" \/><\/p>\n<p>The M\u00e9tropole chair embodies the fruits of Prouv\u00e9\u2019s research into creating a chair that was both light and robust.Developed by the Ateliers Jean Prouv\u00e9 in 1950, this new version of the \u201csemi-metallic\u201d chairs \u2013 metal frame, wooden seat \u2013 merged the principles of the prewar metal-framed chair no. 4 with the mounting systems of earlier wooden models. The frame featured two \u201cuniform strength\u201d pressed steel rear uprights, welded to curved tubes forming the front legs, with braces reinforcing the structure.   <\/p>\n<p><img decoding=\"async\" class=\"alignnone size-full wp-image-43194\" src=\"https:\/\/www.patrickseguin.com\/wp-content\/uploads\/2025\/07\/metallic-green-chair2-scaled.jpg\" alt=\"\" width=\"1709\" height=\"2560\" srcset=\"https:\/\/www.patrickseguin.com\/wp-content\/uploads\/2025\/07\/metallic-green-chair2-scaled.jpg 1709w, https:\/\/www.patrickseguin.com\/wp-content\/uploads\/2025\/07\/metallic-green-chair2-316x473.jpg 316w, https:\/\/www.patrickseguin.com\/wp-content\/uploads\/2025\/07\/metallic-green-chair2-684x1024.jpg 684w, https:\/\/www.patrickseguin.com\/wp-content\/uploads\/2025\/07\/metallic-green-chair2-768x1150.jpg 768w, https:\/\/www.patrickseguin.com\/wp-content\/uploads\/2025\/07\/metallic-green-chair2-1025x1536.jpg 1025w, https:\/\/www.patrickseguin.com\/wp-content\/uploads\/2025\/07\/metallic-green-chair2-1367x2048.jpg 1367w, https:\/\/www.patrickseguin.com\/wp-content\/uploads\/2025\/07\/metallic-green-chair2-400x599.jpg 400w, https:\/\/www.patrickseguin.com\/wp-content\/uploads\/2025\/07\/metallic-green-chair2-600x899.jpg 600w\" sizes=\"(max-width: 1709px) 100vw, 1709px\" \/><\/p>\n<p><img decoding=\"async\" class=\"alignnone size-full wp-image-43185\" src=\"https:\/\/www.patrickseguin.com\/wp-content\/uploads\/2025\/07\/metallic-green-chair3-scaled.jpg\" alt=\"\" width=\"1708\" height=\"2560\" srcset=\"https:\/\/www.patrickseguin.com\/wp-content\/uploads\/2025\/07\/metallic-green-chair3-scaled.jpg 1708w, https:\/\/www.patrickseguin.com\/wp-content\/uploads\/2025\/07\/metallic-green-chair3-316x473.jpg 316w, https:\/\/www.patrickseguin.com\/wp-content\/uploads\/2025\/07\/metallic-green-chair3-683x1024.jpg 683w, https:\/\/www.patrickseguin.com\/wp-content\/uploads\/2025\/07\/metallic-green-chair3-768x1151.jpg 768w, https:\/\/www.patrickseguin.com\/wp-content\/uploads\/2025\/07\/metallic-green-chair3-1025x1536.jpg 1025w, https:\/\/www.patrickseguin.com\/wp-content\/uploads\/2025\/07\/metallic-green-chair3-1367x2048.jpg 1367w, https:\/\/www.patrickseguin.com\/wp-content\/uploads\/2025\/07\/metallic-green-chair3-400x599.jpg 400w, https:\/\/www.patrickseguin.com\/wp-content\/uploads\/2025\/07\/metallic-green-chair3-600x899.jpg 600w\" sizes=\"(max-width: 1708px) 100vw, 1708px\" \/><\/p>\n<p>Put on the market a few months after the knockdown model (Caf\u00e9t\u00e9ria no. 300), the M\u00e9tropole no. 305 introduced innovative methods for attaching metal components: a tubular brace connected the pressed steel rear uprights, to whose interior the tubes of the front legs were welded. The frame was notched to receive the backrest\u2014 fixed to welded plates with Parker screws and brass or aluminum studs\u2014and the rear of the plywood seat, which slipped into a slot. The protective plugs for the legs were inserted into the metal uprights. The molded plywood components were varnished and the metal parts oven lacquered.   <\/p>\n<p><img loading=\"lazy\" decoding=\"async\" class=\"alignnone size-full wp-image-43187\" src=\"https:\/\/www.patrickseguin.com\/wp-content\/uploads\/2025\/07\/metropole-chair-SAM-table1-1.jpg\" alt=\"\" width=\"1722\" height=\"1335\" srcset=\"https:\/\/www.patrickseguin.com\/wp-content\/uploads\/2025\/07\/metropole-chair-SAM-table1-1.jpg 1722w, https:\/\/www.patrickseguin.com\/wp-content\/uploads\/2025\/07\/metropole-chair-SAM-table1-1-380x295.jpg 380w, https:\/\/www.patrickseguin.com\/wp-content\/uploads\/2025\/07\/metropole-chair-SAM-table1-1-1024x794.jpg 1024w, https:\/\/www.patrickseguin.com\/wp-content\/uploads\/2025\/07\/metropole-chair-SAM-table1-1-768x595.jpg 768w, https:\/\/www.patrickseguin.com\/wp-content\/uploads\/2025\/07\/metropole-chair-SAM-table1-1-1536x1191.jpg 1536w, https:\/\/www.patrickseguin.com\/wp-content\/uploads\/2025\/07\/metropole-chair-SAM-table1-1-400x310.jpg 400w, https:\/\/www.patrickseguin.com\/wp-content\/uploads\/2025\/07\/metropole-chair-SAM-table1-1-600x465.jpg 600w\" sizes=\"(max-width: 1722px) 100vw, 1722px\" \/><\/p>\n<p>The M\u00e9tropole no. 305 chair is one of the finest examples of Prouv\u00e9\u2019s vision for industrialized production. Examples of this emblematic chair are notably part of the collections of major museums, such as the MoMa in New York and the Centre Georges Pompidou in Paris.  <\/p>\n<p><img loading=\"lazy\" decoding=\"async\" class=\"alignnone size-full wp-image-43189\" src=\"https:\/\/www.patrickseguin.com\/wp-content\/uploads\/2025\/07\/jean-prouve-monography-2017a-1.jpg\" alt=\"\" width=\"2000\" height=\"1335\" srcset=\"https:\/\/www.patrickseguin.com\/wp-content\/uploads\/2025\/07\/jean-prouve-monography-2017a-1.jpg 2000w, https:\/\/www.patrickseguin.com\/wp-content\/uploads\/2025\/07\/jean-prouve-monography-2017a-1-380x254.jpg 380w, https:\/\/www.patrickseguin.com\/wp-content\/uploads\/2025\/07\/jean-prouve-monography-2017a-1-1024x684.jpg 1024w, https:\/\/www.patrickseguin.com\/wp-content\/uploads\/2025\/07\/jean-prouve-monography-2017a-1-768x513.jpg 768w, https:\/\/www.patrickseguin.com\/wp-content\/uploads\/2025\/07\/jean-prouve-monography-2017a-1-1536x1025.jpg 1536w, https:\/\/www.patrickseguin.com\/wp-content\/uploads\/2025\/07\/jean-prouve-monography-2017a-1-400x267.jpg 400w, https:\/\/www.patrickseguin.com\/wp-content\/uploads\/2025\/07\/jean-prouve-monography-2017a-1-600x401.jpg 600w\" sizes=\"(max-width: 2000px) 100vw, 2000px\" \/><\/p>\n<p><img loading=\"lazy\" decoding=\"async\" class=\"alignnone size-full wp-image-43191\" src=\"https:\/\/www.patrickseguin.com\/wp-content\/uploads\/2025\/07\/jean-prouve-monography-2017b-1.jpg\" alt=\"\" width=\"2000\" height=\"1199\" srcset=\"https:\/\/www.patrickseguin.com\/wp-content\/uploads\/2025\/07\/jean-prouve-monography-2017b-1.jpg 2000w, https:\/\/www.patrickseguin.com\/wp-content\/uploads\/2025\/07\/jean-prouve-monography-2017b-1-380x228.jpg 380w, https:\/\/www.patrickseguin.com\/wp-content\/uploads\/2025\/07\/jean-prouve-monography-2017b-1-1024x614.jpg 1024w, https:\/\/www.patrickseguin.com\/wp-content\/uploads\/2025\/07\/jean-prouve-monography-2017b-1-768x460.jpg 768w, https:\/\/www.patrickseguin.com\/wp-content\/uploads\/2025\/07\/jean-prouve-monography-2017b-1-1536x921.jpg 1536w, https:\/\/www.patrickseguin.com\/wp-content\/uploads\/2025\/07\/jean-prouve-monography-2017b-1-400x240.jpg 400w, https:\/\/www.patrickseguin.com\/wp-content\/uploads\/2025\/07\/jean-prouve-monography-2017b-1-600x360.jpg 600w\" sizes=\"(max-width: 2000px) 100vw, 2000px\" \/><\/p>\n","protected":false},"excerpt":{"rendered":"<p>This M\u00e9tropole no. 305 chair, lacquered in a metallic green, was designed by JEAN PROUV\u00c9 around 1950.Featuring a rare and elegant color, fully original, this chair reveals a remarkable patina that enhances this iconic and timeless model. The M\u00e9tropole chair embodies the fruits of Prouv\u00e9\u2019s research into creating a chair that was both light and [&hellip;]<\/p>\n","protected":false},"author":4,"featured_media":45126,"comment_status":"closed","ping_status":"closed","sticky":false,"template":"","format":"standard","meta":{"_acf_changed":false,"footnotes":""},"categories":[11],"tags":[],"class_list":["post-43203","post","type-post","status-publish","format-standard","has-post-thumbnail","hentry","category-news","type_mobilier-chaises-tabourets"],"acf":[],"yoast_head":"<!-- This site is optimized with the Yoast SEO plugin v27.5 - https:\/\/yoast.com\/product\/yoast-seo-wordpress\/ -->\n<title>Focus on Jean Prouv\u00e9 M\u00e9tropole no. 305 chair - Galerie Patrick Seguin<\/title>\n<meta name=\"robots\" content=\"index, follow, max-snippet:-1, max-image-preview:large, max-video-preview:-1\" \/>\n<link rel=\"canonical\" href=\"https:\/\/www.patrickseguin.com\/en\/news\/focus-on-jean-prouve-metropole-no-305-chair\/\" \/>\n<meta property=\"og:locale\" content=\"en_US\" \/>\n<meta property=\"og:type\" content=\"article\" \/>\n<meta property=\"og:title\" content=\"Focus on Jean Prouv\u00e9 M\u00e9tropole no. 305 chair - Galerie Patrick Seguin\" \/>\n<meta property=\"og:description\" content=\"This M\u00e9tropole no. 305 chair, lacquered in a metallic green, was designed by JEAN PROUV\u00c9 around 1950.Featuring a rare and elegant color, fully original, this chair reveals a remarkable patina that enhances this iconic and timeless model. The M\u00e9tropole chair embodies the fruits of Prouv\u00e9\u2019s research into creating a chair that was both light and [&hellip;]\" \/>\n<meta property=\"og:url\" content=\"https:\/\/www.patrickseguin.com\/en\/news\/focus-on-jean-prouve-metropole-no-305-chair\/\" \/>\n<meta property=\"og:site_name\" content=\"Patrick Seguin\" \/>\n<meta property=\"article:publisher\" content=\"https:\/\/www.facebook.com\/galeriepatrickseguin\" \/>\n<meta property=\"article:published_time\" content=\"2025-03-06T15:13:53+00:00\" \/>\n<meta property=\"article:modified_time\" content=\"2025-07-03T15:13:53+00:00\" \/>\n<meta property=\"og:image\" content=\"https:\/\/www.patrickseguin.com\/wp-content\/uploads\/2025\/07\/metropole-chair-SAM-table1-1-1.jpg\" \/>\n\t<meta property=\"og:image:width\" content=\"1722\" \/>\n\t<meta property=\"og:image:height\" content=\"1335\" \/>\n\t<meta property=\"og:image:type\" content=\"image\/jpeg\" \/>\n<meta name=\"author\" content=\"manon\" \/>\n<meta name=\"twitter:card\" content=\"summary_large_image\" \/>\n<meta name=\"twitter:creator\" content=\"@GaleriePSeguin\" \/>\n<meta name=\"twitter:site\" content=\"@GaleriePSeguin\" \/>\n<meta name=\"twitter:label1\" content=\"Written by\" \/>\n\t<meta name=\"twitter:data1\" content=\"manon\" \/>\n\t<meta name=\"twitter:label2\" content=\"Est. reading time\" \/>\n\t<meta name=\"twitter:data2\" content=\"1 minute\" \/>\n<script type=\"application\/ld+json\" class=\"yoast-schema-graph\">{\"@context\":\"https:\\\/\\\/schema.org\",\"@graph\":[{\"@type\":\"Article\",\"@id\":\"https:\\\/\\\/www.patrickseguin.com\\\/en\\\/news\\\/focus-on-jean-prouve-metropole-no-305-chair\\\/#article\",\"isPartOf\":{\"@id\":\"https:\\\/\\\/www.patrickseguin.com\\\/en\\\/news\\\/focus-on-jean-prouve-metropole-no-305-chair\\\/\"},\"author\":{\"name\":\"manon\",\"@id\":\"https:\\\/\\\/www.patrickseguin.com\\\/en\\\/#\\\/schema\\\/person\\\/e8fc699bc89eecd7e476203a7804dd28\"},\"headline\":\"Focus on Jean Prouv\u00e9 M\u00e9tropole no. 305 chair\",\"datePublished\":\"2025-03-06T15:13:53+00:00\",\"dateModified\":\"2025-07-03T15:13:53+00:00\",\"mainEntityOfPage\":{\"@id\":\"https:\\\/\\\/www.patrickseguin.com\\\/en\\\/news\\\/focus-on-jean-prouve-metropole-no-305-chair\\\/\"},\"wordCount\":272,\"publisher\":{\"@id\":\"https:\\\/\\\/www.patrickseguin.com\\\/en\\\/#organization\"},\"image\":{\"@id\":\"https:\\\/\\\/www.patrickseguin.com\\\/en\\\/news\\\/focus-on-jean-prouve-metropole-no-305-chair\\\/#primaryimage\"},\"thumbnailUrl\":\"https:\\\/\\\/www.patrickseguin.com\\\/wp-content\\\/uploads\\\/2025\\\/07\\\/metropole-chair-SAM-table1-1-1.jpg\",\"articleSection\":[\"Timeline\"],\"inLanguage\":\"en-US\"},{\"@type\":\"WebPage\",\"@id\":\"https:\\\/\\\/www.patrickseguin.com\\\/en\\\/news\\\/focus-on-jean-prouve-metropole-no-305-chair\\\/\",\"url\":\"https:\\\/\\\/www.patrickseguin.com\\\/en\\\/news\\\/focus-on-jean-prouve-metropole-no-305-chair\\\/\",\"name\":\"Focus on Jean Prouv\u00e9 M\u00e9tropole no. 305 chair - Galerie Patrick Seguin\",\"isPartOf\":{\"@id\":\"https:\\\/\\\/www.patrickseguin.com\\\/en\\\/#website\"},\"primaryImageOfPage\":{\"@id\":\"https:\\\/\\\/www.patrickseguin.com\\\/en\\\/news\\\/focus-on-jean-prouve-metropole-no-305-chair\\\/#primaryimage\"},\"image\":{\"@id\":\"https:\\\/\\\/www.patrickseguin.com\\\/en\\\/news\\\/focus-on-jean-prouve-metropole-no-305-chair\\\/#primaryimage\"},\"thumbnailUrl\":\"https:\\\/\\\/www.patrickseguin.com\\\/wp-content\\\/uploads\\\/2025\\\/07\\\/metropole-chair-SAM-table1-1-1.jpg\",\"datePublished\":\"2025-03-06T15:13:53+00:00\",\"dateModified\":\"2025-07-03T15:13:53+00:00\",\"inLanguage\":\"en-US\",\"potentialAction\":[{\"@type\":\"ReadAction\",\"target\":[\"https:\\\/\\\/www.patrickseguin.com\\\/en\\\/news\\\/focus-on-jean-prouve-metropole-no-305-chair\\\/\"]}]},{\"@type\":\"ImageObject\",\"inLanguage\":\"en-US\",\"@id\":\"https:\\\/\\\/www.patrickseguin.com\\\/en\\\/news\\\/focus-on-jean-prouve-metropole-no-305-chair\\\/#primaryimage\",\"url\":\"https:\\\/\\\/www.patrickseguin.com\\\/wp-content\\\/uploads\\\/2025\\\/07\\\/metropole-chair-SAM-table1-1-1.jpg\",\"contentUrl\":\"https:\\\/\\\/www.patrickseguin.com\\\/wp-content\\\/uploads\\\/2025\\\/07\\\/metropole-chair-SAM-table1-1-1.jpg\",\"width\":1722,\"height\":1335},{\"@type\":\"WebSite\",\"@id\":\"https:\\\/\\\/www.patrickseguin.com\\\/en\\\/#website\",\"url\":\"https:\\\/\\\/www.patrickseguin.com\\\/en\\\/\",\"name\":\"Galerie Patrick Seguin\",\"description\":\"\",\"publisher\":{\"@id\":\"https:\\\/\\\/www.patrickseguin.com\\\/en\\\/#organization\"},\"potentialAction\":[{\"@type\":\"SearchAction\",\"target\":{\"@type\":\"EntryPoint\",\"urlTemplate\":\"https:\\\/\\\/www.patrickseguin.com\\\/en\\\/?s={search_term_string}\"},\"query-input\":{\"@type\":\"PropertyValueSpecification\",\"valueRequired\":true,\"valueName\":\"search_term_string\"}}],\"inLanguage\":\"en-US\"},{\"@type\":\"Organization\",\"@id\":\"https:\\\/\\\/www.patrickseguin.com\\\/en\\\/#organization\",\"name\":\"Galerie Patrick Seguin\",\"url\":\"https:\\\/\\\/www.patrickseguin.com\\\/en\\\/\",\"logo\":{\"@type\":\"ImageObject\",\"inLanguage\":\"en-US\",\"@id\":\"https:\\\/\\\/www.patrickseguin.com\\\/en\\\/#\\\/schema\\\/logo\\\/image\\\/\",\"url\":\"https:\\\/\\\/www.patrickseguin.com\\\/wp-content\\\/uploads\\\/2020\\\/06\\\/ELEMENTSPOURMAX-25.png\",\"contentUrl\":\"https:\\\/\\\/www.patrickseguin.com\\\/wp-content\\\/uploads\\\/2020\\\/06\\\/ELEMENTSPOURMAX-25.png\",\"width\":2226,\"height\":122,\"caption\":\"Galerie Patrick Seguin\"},\"image\":{\"@id\":\"https:\\\/\\\/www.patrickseguin.com\\\/en\\\/#\\\/schema\\\/logo\\\/image\\\/\"},\"sameAs\":[\"https:\\\/\\\/www.facebook.com\\\/galeriepatrickseguin\",\"https:\\\/\\\/x.com\\\/GaleriePSeguin\"]},{\"@type\":\"Person\",\"@id\":\"https:\\\/\\\/www.patrickseguin.com\\\/en\\\/#\\\/schema\\\/person\\\/e8fc699bc89eecd7e476203a7804dd28\",\"name\":\"manon\"}]}<\/script>\n<!-- \/ Yoast SEO plugin. -->","yoast_head_json":{"title":"Focus on Jean Prouv\u00e9 M\u00e9tropole no. 305 chair - Galerie Patrick Seguin","robots":{"index":"index","follow":"follow","max-snippet":"max-snippet:-1","max-image-preview":"max-image-preview:large","max-video-preview":"max-video-preview:-1"},"canonical":"https:\/\/www.patrickseguin.com\/en\/news\/focus-on-jean-prouve-metropole-no-305-chair\/","og_locale":"en_US","og_type":"article","og_title":"Focus on Jean Prouv\u00e9 M\u00e9tropole no. 305 chair - Galerie Patrick Seguin","og_description":"This M\u00e9tropole no. 305 chair, lacquered in a metallic green, was designed by JEAN PROUV\u00c9 around 1950.Featuring a rare and elegant color, fully original, this chair reveals a remarkable patina that enhances this iconic and timeless model. The M\u00e9tropole chair embodies the fruits of Prouv\u00e9\u2019s research into creating a chair that was both light and [&hellip;]","og_url":"https:\/\/www.patrickseguin.com\/en\/news\/focus-on-jean-prouve-metropole-no-305-chair\/","og_site_name":"Patrick Seguin","article_publisher":"https:\/\/www.facebook.com\/galeriepatrickseguin","article_published_time":"2025-03-06T15:13:53+00:00","article_modified_time":"2025-07-03T15:13:53+00:00","og_image":[{"width":1722,"height":1335,"url":"https:\/\/www.patrickseguin.com\/wp-content\/uploads\/2025\/07\/metropole-chair-SAM-table1-1-1.jpg","type":"image\/jpeg"}],"author":"manon","twitter_card":"summary_large_image","twitter_creator":"@GaleriePSeguin","twitter_site":"@GaleriePSeguin","twitter_misc":{"Written by":"manon","Est. reading time":"1 minute"},"schema":{"@context":"https:\/\/schema.org","@graph":[{"@type":"Article","@id":"https:\/\/www.patrickseguin.com\/en\/news\/focus-on-jean-prouve-metropole-no-305-chair\/#article","isPartOf":{"@id":"https:\/\/www.patrickseguin.com\/en\/news\/focus-on-jean-prouve-metropole-no-305-chair\/"},"author":{"name":"manon","@id":"https:\/\/www.patrickseguin.com\/en\/#\/schema\/person\/e8fc699bc89eecd7e476203a7804dd28"},"headline":"Focus on Jean Prouv\u00e9 M\u00e9tropole no. 305 chair","datePublished":"2025-03-06T15:13:53+00:00","dateModified":"2025-07-03T15:13:53+00:00","mainEntityOfPage":{"@id":"https:\/\/www.patrickseguin.com\/en\/news\/focus-on-jean-prouve-metropole-no-305-chair\/"},"wordCount":272,"publisher":{"@id":"https:\/\/www.patrickseguin.com\/en\/#organization"},"image":{"@id":"https:\/\/www.patrickseguin.com\/en\/news\/focus-on-jean-prouve-metropole-no-305-chair\/#primaryimage"},"thumbnailUrl":"https:\/\/www.patrickseguin.com\/wp-content\/uploads\/2025\/07\/metropole-chair-SAM-table1-1-1.jpg","articleSection":["Timeline"],"inLanguage":"en-US"},{"@type":"WebPage","@id":"https:\/\/www.patrickseguin.com\/en\/news\/focus-on-jean-prouve-metropole-no-305-chair\/","url":"https:\/\/www.patrickseguin.com\/en\/news\/focus-on-jean-prouve-metropole-no-305-chair\/","name":"Focus on Jean Prouv\u00e9 M\u00e9tropole no. 305 chair - Galerie Patrick Seguin","isPartOf":{"@id":"https:\/\/www.patrickseguin.com\/en\/#website"},"primaryImageOfPage":{"@id":"https:\/\/www.patrickseguin.com\/en\/news\/focus-on-jean-prouve-metropole-no-305-chair\/#primaryimage"},"image":{"@id":"https:\/\/www.patrickseguin.com\/en\/news\/focus-on-jean-prouve-metropole-no-305-chair\/#primaryimage"},"thumbnailUrl":"https:\/\/www.patrickseguin.com\/wp-content\/uploads\/2025\/07\/metropole-chair-SAM-table1-1-1.jpg","datePublished":"2025-03-06T15:13:53+00:00","dateModified":"2025-07-03T15:13:53+00:00","inLanguage":"en-US","potentialAction":[{"@type":"ReadAction","target":["https:\/\/www.patrickseguin.com\/en\/news\/focus-on-jean-prouve-metropole-no-305-chair\/"]}]},{"@type":"ImageObject","inLanguage":"en-US","@id":"https:\/\/www.patrickseguin.com\/en\/news\/focus-on-jean-prouve-metropole-no-305-chair\/#primaryimage","url":"https:\/\/www.patrickseguin.com\/wp-content\/uploads\/2025\/07\/metropole-chair-SAM-table1-1-1.jpg","contentUrl":"https:\/\/www.patrickseguin.com\/wp-content\/uploads\/2025\/07\/metropole-chair-SAM-table1-1-1.jpg","width":1722,"height":1335},{"@type":"WebSite","@id":"https:\/\/www.patrickseguin.com\/en\/#website","url":"https:\/\/www.patrickseguin.com\/en\/","name":"Galerie Patrick Seguin","description":"","publisher":{"@id":"https:\/\/www.patrickseguin.com\/en\/#organization"},"potentialAction":[{"@type":"SearchAction","target":{"@type":"EntryPoint","urlTemplate":"https:\/\/www.patrickseguin.com\/en\/?s={search_term_string}"},"query-input":{"@type":"PropertyValueSpecification","valueRequired":true,"valueName":"search_term_string"}}],"inLanguage":"en-US"},{"@type":"Organization","@id":"https:\/\/www.patrickseguin.com\/en\/#organization","name":"Galerie Patrick Seguin","url":"https:\/\/www.patrickseguin.com\/en\/","logo":{"@type":"ImageObject","inLanguage":"en-US","@id":"https:\/\/www.patrickseguin.com\/en\/#\/schema\/logo\/image\/","url":"https:\/\/www.patrickseguin.com\/wp-content\/uploads\/2020\/06\/ELEMENTSPOURMAX-25.png","contentUrl":"https:\/\/www.patrickseguin.com\/wp-content\/uploads\/2020\/06\/ELEMENTSPOURMAX-25.png","width":2226,"height":122,"caption":"Galerie Patrick Seguin"},"image":{"@id":"https:\/\/www.patrickseguin.com\/en\/#\/schema\/logo\/image\/"},"sameAs":["https:\/\/www.facebook.com\/galeriepatrickseguin","https:\/\/x.com\/GaleriePSeguin"]},{"@type":"Person","@id":"https:\/\/www.patrickseguin.com\/en\/#\/schema\/person\/e8fc699bc89eecd7e476203a7804dd28","name":"manon"}]}},"_links":{"self":[{"href":"https:\/\/www.patrickseguin.com\/en\/wp-json\/wp\/v2\/posts\/43203","targetHints":{"allow":["GET"]}}],"collection":[{"href":"https:\/\/www.patrickseguin.com\/en\/wp-json\/wp\/v2\/posts"}],"about":[{"href":"https:\/\/www.patrickseguin.com\/en\/wp-json\/wp\/v2\/types\/post"}],"author":[{"embeddable":true,"href":"https:\/\/www.patrickseguin.com\/en\/wp-json\/wp\/v2\/users\/4"}],"replies":[{"embeddable":true,"href":"https:\/\/www.patrickseguin.com\/en\/wp-json\/wp\/v2\/comments?post=43203"}],"version-history":[{"count":0,"href":"https:\/\/www.patrickseguin.com\/en\/wp-json\/wp\/v2\/posts\/43203\/revisions"}],"wp:featuredmedia":[{"embeddable":true,"href":"https:\/\/www.patrickseguin.com\/en\/wp-json\/wp\/v2\/media\/45126"}],"wp:attachment":[{"href":"https:\/\/www.patrickseguin.com\/en\/wp-json\/wp\/v2\/media?parent=43203"}],"wp:term":[{"taxonomy":"category","embeddable":true,"href":"https:\/\/www.patrickseguin.com\/en\/wp-json\/wp\/v2\/categories?post=43203"},{"taxonomy":"post_tag","embeddable":true,"href":"https:\/\/www.patrickseguin.com\/en\/wp-json\/wp\/v2\/tags?post=43203"}],"curies":[{"name":"wp","href":"https:\/\/api.w.org\/{rel}","templated":true}]}}